{"id":10639,"date":"2026-05-01T20:52:39","date_gmt":"2026-05-01T18:52:39","guid":{"rendered":"https:\/\/cgtcatalunya.cat\/cgtvallesoriental\/?p=10639"},"modified":"2026-05-01T22:31:12","modified_gmt":"2026-05-01T20:31:12","slug":"cronica-primer-maig-2026-valles-oriental","status":"publish","type":"post","link":"https:\/\/cgtcatalunya.cat\/cgtvallesoriental\/cronica-primer-maig-2026-valles-oriental\/","title":{"rendered":"[CR\u00d2NICA] PRIMER DE MAIG DEL 2026 AL VALL\u00c8S ORIENTAL"},"content":{"rendered":"<p style=\"text-align: justify;\" align=\"justify\"><strong>Enguany, al marge de la invisible tasca de lluita di\u00e0ria en la defensa dels nostres drets i dignitat, hem tornat a sortir al carrer en homenatge a aquelles i aquells que van deixar la pell per nosaltres, el poble.<\/strong><\/p>\n<p style=\"text-align: center;\" align=\"justify\"><strong>Com sempre el protagonisme ha estat per les Seccions Sindicals, que s\u00f3n la nostra base.<\/strong><\/p>\n<p align=\"justify\">&nbsp;<\/p>\n<p style=\"text-align: center;\" align=\"left\"><b>MANIFESTACI\u00d3: <\/b><br \/>\n<i>&#x23f0;&#xfe0f; A les 11 hores. Ronda d\u2019Orient, 6 de MOLLET DEL VALL\u00c8S<br \/>\n&#x1f4e3; Parlaments dels i les companyes de les Seccions Sindicals i col\u00b7lectius socials.<\/i><\/p>\n<p style=\"text-align: center;\">&#x1f3b8; <i>En acabar la manifestaci\u00f3 Concert amb el cantautor MATE\u00d2LIKA<\/i><\/p>\n<p align=\"justify\"><img loading=\"lazy\" decoding=\"async\" class=\"size-medium wp-image-10614 aligncenter\" src=\"https:\/\/cgtcatalunya.cat\/cgtvallesoriental\/wp-content\/uploads\/2026\/04\/CARTELL-1-MAIG-2026-212x300.jpg\" alt=\"\" width=\"212\" height=\"300\" srcset=\"https:\/\/cgtcatalunya.cat\/cgtvallesoriental\/wp-content\/uploads\/2026\/04\/CARTELL-1-MAIG-2026-212x300.jpg 212w, https:\/\/cgtcatalunya.cat\/cgtvallesoriental\/wp-content\/uploads\/2026\/04\/CARTELL-1-MAIG-2026-723x1024.jpg 723w, https:\/\/cgtcatalunya.cat\/cgtvallesoriental\/wp-content\/uploads\/2026\/04\/CARTELL-1-MAIG-2026-106x150.jpg 106w, https:\/\/cgtcatalunya.cat\/cgtvallesoriental\/wp-content\/uploads\/2026\/04\/CARTELL-1-MAIG-2026-768x1088.jpg 768w, https:\/\/cgtcatalunya.cat\/cgtvallesoriental\/wp-content\/uploads\/2026\/04\/CARTELL-1-MAIG-2026.jpg 811w\" sizes=\"auto, (max-width: 212px) 100vw, 212px\" \/><\/p>\n<p style=\"text-align: center;\" align=\"justify\"><strong><span style=\"color: #ff0000;\">11&#8217;00 HORES-<\/span><\/strong><\/p>\n<p style=\"text-align: center;\" align=\"justify\"><strong><span style=\"color: #ff0000;\"> COMENCEM!<\/span><\/strong><\/p>\n<p align=\"justify\"><img loading=\"lazy\" decoding=\"async\" class=\"size-medium wp-image-10641 aligncenter\" src=\"https:\/\/cgtcatalunya.cat\/cgtvallesoriental\/wp-content\/uploads\/2026\/05\/9c24a8f036055e05-300x226.jpg\" alt=\"\" width=\"300\" height=\"226\" srcset=\"https:\/\/cgtcatalunya.cat\/cgtvallesoriental\/wp-content\/uploads\/2026\/05\/9c24a8f036055e05-300x226.jpg 300w, https:\/\/cgtcatalunya.cat\/cgtvallesoriental\/wp-content\/uploads\/2026\/05\/9c24a8f036055e05-150x113.jpg 150w, https:\/\/cgtcatalunya.cat\/cgtvallesoriental\/wp-content\/uploads\/2026\/05\/9c24a8f036055e05.jpg 553w\" sizes=\"auto, (max-width: 300px) 100vw, 300px\" \/><\/p>\n<p align=\"justify\"><strong>11&#8217;20 HORES- Els i les companyes de l&#8217;IMSD de Mollet del Vall\u00e8s denuncien que l&#8217;Ajuntament-IMSD i el Comit\u00e8 d&#8217;empresa han arribat a uns acords que degraden ben a la baixa les seves condicions laborals com les dels usuaris. Vulnerant fins i tot el propi Conveni Col\u00b7lectiu. <\/strong><strong>Qui se&#8217;n beneficiar\u00e0? &#x1f914;<\/strong><\/p>\n<p><img loading=\"lazy\" decoding=\"async\" class=\"size-medium wp-image-10642 aligncenter\" src=\"https:\/\/cgtcatalunya.cat\/cgtvallesoriental\/wp-content\/uploads\/2026\/05\/988dd6ad37c300fa-300x226.jpg\" alt=\"\" width=\"300\" height=\"226\" srcset=\"https:\/\/cgtcatalunya.cat\/cgtvallesoriental\/wp-content\/uploads\/2026\/05\/988dd6ad37c300fa-300x226.jpg 300w, https:\/\/cgtcatalunya.cat\/cgtvallesoriental\/wp-content\/uploads\/2026\/05\/988dd6ad37c300fa-1024x771.jpg 1024w, https:\/\/cgtcatalunya.cat\/cgtvallesoriental\/wp-content\/uploads\/2026\/05\/988dd6ad37c300fa-150x113.jpg 150w, https:\/\/cgtcatalunya.cat\/cgtvallesoriental\/wp-content\/uploads\/2026\/05\/988dd6ad37c300fa-768x578.jpg 768w, https:\/\/cgtcatalunya.cat\/cgtvallesoriental\/wp-content\/uploads\/2026\/05\/988dd6ad37c300fa-1536x1157.jpg 1536w, https:\/\/cgtcatalunya.cat\/cgtvallesoriental\/wp-content\/uploads\/2026\/05\/988dd6ad37c300fa-2048x1542.jpg 2048w\" sizes=\"auto, (max-width: 300px) 100vw, 300px\" \/><\/p>\n<p align=\"left\"><strong>11&#8217;40 HORES- L&#8217;FP DUAL \u00e9s la porta d&#8217;entrada a la privatitzaci\u00f3 de la Formaci\u00f3 Professional d&#8217;acc\u00e9s universal: de T\u00e8cnics Qualificats a simples aprenents.<\/strong><br \/>\n<strong>Si no ho aturem, temps al temps.<\/strong><br \/>\n<strong>Organitzem-nos en Seccions Sindicals a les escoles i instituts per dignificar la nostra feina des de la base.<\/strong><\/p>\n<p align=\"left\">&nbsp;<\/p>\n<p align=\"left\"><strong>12&#8217;00 HORES- Els i les companyes de NIDEC a Santa Perp\u00e8tua de Mogoda lluiten per evitar la deslocalitzaci\u00f3 de l&#8217;empresa i garantir el futur de les fam\u00edlies treballadores: vagues parcials amb seguiment massiu incidint for\u00e7a en el proc\u00e9s de producci\u00f3 i for\u00e7ant l&#8217;empresa a replantejar&#8230;<\/strong><\/p>\n<p align=\"left\">&nbsp;<\/p>\n<p align=\"left\"><strong>12&#8217;20 HORES- Per qu\u00e8 els periodistes anomenen \u00abAccidents Laborals\u00bb als Assassinats dels i les treballadores assalariades per part de l&#8217;empresariat?<\/strong><br \/>\n<strong>Els i les companyes de Grifols ens diuen que:<\/strong><br \/>\n<strong>No s\u00f3n accidents. \u00c9s veritable Terrorisme Patronal.<\/strong><\/p>\nngg_shortcode_0_placeholder\n<p align=\"left\"><strong>12&#8217;40 HORES- Els companys de la UTE-AP7 destapen les corrupteles i tripijocs de les grans licitadores d&#8217;obra p\u00fablica.<\/strong><br \/>\n<strong><i>Mordidas<\/i> dels empresaris en conniv\u00e8ncia amb els pol\u00edtics que a m\u00e9s en la usura s\u00f3n agressives amb els salaris i riscos psicosocials dels treballadors.<\/strong><\/p>\n<p><strong>Un aut\u00e8ntic <i>C\u00e0rtel del Asfalto<\/i>!<\/strong><\/p>\n<p>&nbsp;<\/p>\n<p align=\"left\"><strong>12&#8217;55 HORES- Lectura del Manifest final i tancament per donar pas al Concert de MATE\u00d3LIKA!<\/strong><\/p>\n<p align=\"left\">&nbsp;<\/p>\n<p align=\"left\"><strong>13&#8217;00 HORES- A gaudir amb el Concert de MATE\u00d3LIKA!!<\/strong><\/p>\nngg_shortcode_1_placeholder\n<p style=\"text-align: center;\" align=\"left\"><strong>Com sempre, ha estat un plaer compartir el mat\u00ed amb els i les companyes de viatge en el pedreg\u00f3s cam\u00ed cap a UTOPIA!<\/strong><\/p>\n<p align=\"center\"><strong><span style=\"color: #ff0000;\">\u00abNegres tempestes agiten els aires\u00bb.<\/span><\/strong><\/p>\n<p align=\"center\"><strong><span style=\"color: #ff0000;\">El <i>d\u00e9j\u00e0 vu<\/i> d\u2019<i>A las Barricadas<\/i> no era una simple can\u00e7\u00f3 sin\u00f3 un crit hist\u00f2ric:<\/span><\/strong><\/p>\n<p align=\"center\"><strong><span style=\"color: #ff0000;\">ENS VOLEN ESCLAFAR, PER\u00d2 ACTUANT HO PODEM IMPEDIR. I SUPRIMIR ELS BACTERIS PER CREAR UN NOU M\u00d3N ON LA GERMANOR ESCOMBRI LA USURA I LA COMPETITIVITAT PER SEMPRE M\u00c9S.<\/span><\/strong><\/p>\n<p align=\"center\"><b>SALUT I FEM QUE CADA DIA SIGUI PRIMER DE MAIG!<\/b><\/p>\n<p align=\"center\"><img loading=\"lazy\" decoding=\"async\" class=\"wp-image-10654 aligncenter\" src=\"https:\/\/cgtcatalunya.cat\/cgtvallesoriental\/wp-content\/uploads\/2026\/05\/photo_2026-05-01_20-30-10-226x300.jpg\" alt=\"\" width=\"288\" height=\"382\"><a href=\"https:\/\/cgtcatalunya.cat\/cgtvallesoriental\/wp-content\/uploads\/2026\/04\/MANIFESTO-1-MAYO-2026.pdf\">MANIFESTO 1 MAYO 2026<\/a>&nbsp; &nbsp; &nbsp; &nbsp; &nbsp; &nbsp; &nbsp; &nbsp; &nbsp; &nbsp; &nbsp; &nbsp; &nbsp; &nbsp; &nbsp; &nbsp; &nbsp; &nbsp; &nbsp; &nbsp; &nbsp; &nbsp; &nbsp; &nbsp; &nbsp; &nbsp; &nbsp; &nbsp; &nbsp; &nbsp; &nbsp; &nbsp; &nbsp; &nbsp; &nbsp; &nbsp; &nbsp; &nbsp; &nbsp; &nbsp; &nbsp; <a href=\"https:\/\/cgtcatalunya.cat\/cgtvallesoriental\/wp-content\/uploads\/2026\/04\/MANIFEST-1-MAIG-2026.pdf\">MANIFEST 1 MAIG 2026<\/a><\/p>\n<p style=\"text-align: left;\" align=\"center\">&nbsp;<\/p>\n","protected":false},"excerpt":{"rendered":"<p>Enguany, al marge de la invisible tasca de lluita di\u00e0ria en la defensa dels nostres drets i dignitat, hem tornat a sortir al carrer en homenatge a aquelles i aquells que van deixar la pell per nosaltres, el poble. Com sempre el protagonisme ha estat per les Seccions Sindicals, que s\u00f3n la nostra base. &nbsp; <a href='https:\/\/cgtcatalunya.cat\/cgtvallesoriental\/cronica-primer-maig-2026-valles-oriental\/' class='excerpt-more'>[&#8230;]<\/a><\/p>\n","protected":false},"author":1,"featured_media":0,"comment_status":"closed","ping_status":"open","sticky":false,"template":"","format":"standard","meta":{"ngg_post_thumbnail":0,"_jetpack_memberships_contains_paid_content":false,"footnotes":""},"categories":[49,175],"tags":[],"class_list":["post-10639","post","type-post","status-publish","format-standard","hentry","category-1-de-mayo","category-croniques","category-49-id","category-175-id","post-seq-1","post-parity-odd","meta-position-corners","fix"],"jetpack_featured_media_url":"","jetpack-related-posts":[],"jetpack_sharing_enabled":true,"_links":{"self":[{"href":"https:\/\/cgtcatalunya.cat\/cgtvallesoriental\/wp-json\/wp\/v2\/posts\/10639","targetHints":{"allow":["GET"]}}],"collection":[{"href":"https:\/\/cgtcatalunya.cat\/cgtvallesoriental\/wp-json\/wp\/v2\/posts"}],"about":[{"href":"https:\/\/cgtcatalunya.cat\/cgtvallesoriental\/wp-json\/wp\/v2\/types\/post"}],"author":[{"embeddable":true,"href":"https:\/\/cgtcatalunya.cat\/cgtvallesoriental\/wp-json\/wp\/v2\/users\/1"}],"replies":[{"embeddable":true,"href":"https:\/\/cgtcatalunya.cat\/cgtvallesoriental\/wp-json\/wp\/v2\/comments?post=10639"}],"version-history":[{"count":17,"href":"https:\/\/cgtcatalunya.cat\/cgtvallesoriental\/wp-json\/wp\/v2\/posts\/10639\/revisions"}],"predecessor-version":[{"id":10717,"href":"https:\/\/cgtcatalunya.cat\/cgtvallesoriental\/wp-json\/wp\/v2\/posts\/10639\/revisions\/10717"}],"wp:attachment":[{"href":"https:\/\/cgtcatalunya.cat\/cgtvallesoriental\/wp-json\/wp\/v2\/media?parent=10639"}],"wp:term":[{"taxonomy":"category","embeddable":true,"href":"https:\/\/cgtcatalunya.cat\/cgtvallesoriental\/wp-json\/wp\/v2\/categories?post=10639"},{"taxonomy":"post_tag","embeddable":true,"href":"https:\/\/cgtcatalunya.cat\/cgtvallesoriental\/wp-json\/wp\/v2\/tags?post=10639"}],"curies":[{"name":"wp","href":"https:\/\/api.w.org\/{rel}","templated":true}]}}