{"id":2148,"date":"2022-04-22T22:27:26","date_gmt":"2022-04-22T22:27:26","guid":{"rendered":"http:\/\/cgtcatalunya.cat\/uoc\/?p=2148"},"modified":"2022-06-22T22:30:57","modified_gmt":"2022-06-22T22:30:57","slug":"el-sindicat-sempre-es-la-resposta-primer-de-maig-2022","status":"publish","type":"post","link":"https:\/\/cgtcatalunya.cat\/uoc\/el-sindicat-sempre-es-la-resposta-primer-de-maig-2022\/","title":{"rendered":"El sindicat sempre \u00e9s la resposta!! Primer de Maig 2022"},"content":{"rendered":"<p><img loading=\"lazy\" decoding=\"async\" class=\"alignleft size-full wp-image-2149\" src=\"http:\/\/cgtcatalunya.cat\/uoc\/wp-content\/uploads\/2022\/06\/1r-Maig-2022.jpg\" alt=\"1r Maig 2022\" width=\"1024\" height=\"1024\" srcset=\"https:\/\/cgtcatalunya.cat\/uoc\/wp-content\/uploads\/2022\/06\/1r-Maig-2022.jpg 1024w, https:\/\/cgtcatalunya.cat\/uoc\/wp-content\/uploads\/2022\/06\/1r-Maig-2022-150x150.jpg 150w, https:\/\/cgtcatalunya.cat\/uoc\/wp-content\/uploads\/2022\/06\/1r-Maig-2022-300x300.jpg 300w, https:\/\/cgtcatalunya.cat\/uoc\/wp-content\/uploads\/2022\/06\/1r-Maig-2022-768x768.jpg 768w\" sizes=\"auto, (max-width: 1024px) 100vw, 1024px\" \/><\/p>\n<p>Novament un 1er de maig. Arreu del planeta, milions de treballadores i treballadors tornarem a sortir al carrer per recordar als capitalistes que existim, que sabem organitzar-nos i que, quan ho fem, tenim una for\u00e7a imparable. Com cada any, la Confederaci\u00f3 General del Treball (CGT) de Catalunya hi tornarem a ser. Sortirem al carrer a moltes poblacions de Catalunya. Ho farem aquest 1er de maig per\u00f2, especialment, ho seguirem fent cada dia. Als carrers, als barris, a les empreses. Seguirem organitzant-nos, seguirem plantant cara a aquells que ens volen submises i submisos i que l\u2019\u00fanic que els importa de les nostres vides \u00e9s que els seguim produint beneficis.<\/p>\n<p>Al llarg de tot l\u2019any 2021 i els primers mesos del 2022 hem vist com el capitalisme promou un encariment general dels preus com a forma de fer-nos cada vegada m\u00e9s pobres. Mentre els salaris estan en caiguda lliure, les grans empreses segueixen forrant-se i les grans fortunes s\u00f3n, cada dia, encara m\u00e9s vergonyosament grans. Des de la CGT de Catalunya tenim molt clar que hem de plantar cara de forma contundent a aquesta nova injust\u00edcia del capitalisme avalada m\u00e9s o menys descaradament per les administracions. Ho farem amb totes les eines que tenim. Batallant la revaloritzaci\u00f3 dels nostres salaris empresa per empresa, sector per sector. Plantant cara tamb\u00e9 als carrers contra les m\u00faltiples formes de precarietat, la cara m\u00e9s crua de l\u2019explotaci\u00f3 capitalista que es ceba especialment amb els i les joves, les dones i migrants. Amb un puny seguirem construint la resist\u00e8ncia mentre amb l\u2019altre seguirem plantejant alternatives a l\u2019empobriment dels i les treballadores. Com a primera passa, reclamem una renda b\u00e0sica universal com a mesura d\u2019urg\u00e8ncia per frenar l\u2019increment de la pobresa, cada vegada m\u00e9s freq\u00fcent al nostre pa\u00eds.<\/p>\n<p>Fem tamb\u00e9 una crida a seguir lluitant per derogar les reformes laborals. Cadascuna amb les seves particularitats i totes elles amb mentides van consolidant retrocessos en els drets laborals de la gran majoria dels i les treballadores i una carta cada vegada m\u00e9s blanca per als capitalistes. La socialdemocr\u00e0cia i el sindicalisme de concertaci\u00f3 continuen fent el possible per recolzar un sistema decadent. Nom\u00e9s la lluita, la solidaritat i la for\u00e7a ens porten victories.<\/p>\n<p>Som conscients que les lluites sindicals s\u00f3n una part de les lluites per construir una societat socialment i ecol\u00f2gicament justa. Que conflu\u00efm, i hem de seguir-ho fent encara amb m\u00e9s for\u00e7a, amb la lluita per l\u2019habitatge, contra el patriarcat, pels drets per a totes les persones, contra el feixisme i un llarg etc\u00e8tera. Som una part m\u00e9s de l\u2019alternativa necess\u00e0ria al capitalisme i als estats que el defensen. \u00c9s per aix\u00f2 que \u00e9s imprescindible seguir enfortint l\u2019organitzaci\u00f3 sindical. Un sindicat, en definitiva, significa la uni\u00f3 en un pla d\u2019igualtat de treballadores i treballadors. Significa suport mutu i solidaritat. Significa acci\u00f3. Significa dignificar-nos com a persones. Significa plantar cara i dir NO a les injust\u00edcies que patim cada dia.<\/p>\n<p>Ens han acostumat que veiem les lluites com una font de problemes, riscs i patiment per a qui les fem. Per\u00f2 la realitat \u00e9s una altra. Amb lluites hem aconseguit aturar i revertir acomiadaments. Amb vagues hem aconseguit millorar condicions de treball i imposar augments salarials. Amb assemblees hem aconseguit compartir, sentir que som multitud i sentir-nos m\u00e9s lliures i m\u00e9s dignes. I tot aix\u00f2 ho aconseguim cada dia. Sovint amb petites accions i batalles desperdigades per multitud de centres de treball i de poblacions i barris. D\u2019altres vegades mitjan\u00e7ant conflictes m\u00e9s grans, Cacaolat, Metro, bicing o el 112. En tos els casos, darrera hi ha hagut l\u2019organitzaci\u00f3 col\u00b7lectiva: el sindicat. Un sindicat que constru\u00efm i enfortim, cada dia, entre totes i tots.<\/p>\n<p>Aquest 1er de maig \u00e9s un dia m\u00e9s de lluita. Per\u00f2 tamb\u00e9 \u00e9s una oportunitat per tornar a recordar d\u2019on surt la nostra for\u00e7a i reivindicar-nos amb orgull. Davant l\u2019empobriment de la majoria i l\u2019explotaci\u00f3 dels capitalistes, gr\u00e0cies a l\u2019organitzaci\u00f3 col\u00b7lectiva estem en condicions de plantar cara. Com m\u00e9s enfortim el sindicat, m\u00e9s vict\u00f2ries aconseguirem.<\/p>\n<p>El sindicat sempre \u00e9s la resposta. Unides i organitzades guanyarem.<\/p>\n<p>Seguim avan\u00e7ant!! Visca la classe treballadora!<\/p>\n<p><img loading=\"lazy\" decoding=\"async\" class=\"alignleft size-full wp-image-1878\" src=\"http:\/\/cgtcatalunya.cat\/uoc\/wp-content\/uploads\/2021\/03\/CGT-Catalunya.png\" alt=\"CGT Catalunya\" width=\"522\" height=\"99\" srcset=\"https:\/\/cgtcatalunya.cat\/uoc\/wp-content\/uploads\/2021\/03\/CGT-Catalunya.png 522w, https:\/\/cgtcatalunya.cat\/uoc\/wp-content\/uploads\/2021\/03\/CGT-Catalunya-300x57.png 300w\" sizes=\"auto, (max-width: 522px) 100vw, 522px\" \/><\/p>\n<p>&nbsp;<\/p>\n<div class=\"sharing-default-minimal post-bottom\"><div class=\"nectar-social default\" data-position=\"\" data-rm-love=\"0\" data-color-override=\"override\"><div class=\"nectar-social-inner\"><a href=\"#\" class=\"nectar-love\" id=\"nectar-love-2148\" title=\"Love this\"> <i class=\"icon-salient-heart-2\"><\/i><span class=\"love-text\">Love<\/span><span class=\"total_loves\"><span class=\"nectar-love-count\">0<\/span><\/span><\/a><a class='facebook-share nectar-sharing' href='#' title='Share this'> <i class='fa fa-facebook'><\/i> <span class='social-text'>Share<\/span> <\/a><a class='twitter-share nectar-sharing' href='#' title='Tweet this'> <i class='fa fa-twitter'><\/i> <span class='social-text'>Tweet<\/span> <\/a><\/div><\/div><\/div>","protected":false},"excerpt":{"rendered":"<p>Novament un 1er de maig. Arreu del planeta, milions de treballadores i treballadors tornarem a sortir al carrer per recordar als capitalistes que existim, que sabem organitzar-nos i que, quan ho fem, tenim una&#46;&#46;&#46;<\/p>\n","protected":false},"author":1,"featured_media":0,"comment_status":"closed","ping_status":"closed","sticky":false,"template":"","format":"standard","meta":{"footnotes":""},"categories":[34,23,16,17],"tags":[],"class_list":["post-2148","post","type-post","status-publish","format-standard","hentry","category-anarcosindicalisme","category-cgt","category-sindical","category-social"],"_links":{"self":[{"href":"https:\/\/cgtcatalunya.cat\/uoc\/wp-json\/wp\/v2\/posts\/2148","targetHints":{"allow":["GET"]}}],"collection":[{"href":"https:\/\/cgtcatalunya.cat\/uoc\/wp-json\/wp\/v2\/posts"}],"about":[{"href":"https:\/\/cgtcatalunya.cat\/uoc\/wp-json\/wp\/v2\/types\/post"}],"author":[{"embeddable":true,"href":"https:\/\/cgtcatalunya.cat\/uoc\/wp-json\/wp\/v2\/users\/1"}],"replies":[{"embeddable":true,"href":"https:\/\/cgtcatalunya.cat\/uoc\/wp-json\/wp\/v2\/comments?post=2148"}],"version-history":[{"count":1,"href":"https:\/\/cgtcatalunya.cat\/uoc\/wp-json\/wp\/v2\/posts\/2148\/revisions"}],"predecessor-version":[{"id":2150,"href":"https:\/\/cgtcatalunya.cat\/uoc\/wp-json\/wp\/v2\/posts\/2148\/revisions\/2150"}],"wp:attachment":[{"href":"https:\/\/cgtcatalunya.cat\/uoc\/wp-json\/wp\/v2\/media?parent=2148"}],"wp:term":[{"taxonomy":"category","embeddable":true,"href":"https:\/\/cgtcatalunya.cat\/uoc\/wp-json\/wp\/v2\/categories?post=2148"},{"taxonomy":"post_tag","embeddable":true,"href":"https:\/\/cgtcatalunya.cat\/uoc\/wp-json\/wp\/v2\/tags?post=2148"}],"curies":[{"name":"wp","href":"https:\/\/api.w.org\/{rel}","templated":true}]}}