{"id":2318,"date":"2023-11-30T20:46:50","date_gmt":"2023-11-30T20:46:50","guid":{"rendered":"https:\/\/cgtcatalunya.cat\/uoc\/?p=2318"},"modified":"2024-07-19T20:29:59","modified_gmt":"2024-07-19T20:29:59","slug":"suspensio-de-les-eleccions-sindicals-uoc","status":"publish","type":"post","link":"https:\/\/cgtcatalunya.cat\/uoc\/suspensio-de-les-eleccions-sindicals-uoc\/","title":{"rendered":"Suspensi\u00f3 de les eleccions sindicals UOC"},"content":{"rendered":"\n<p><strong>Suspensi\u00f3 de les eleccions sindicals UOC<\/strong><br>Comunicat de CGT UOC<\/p>\n\n\n\n<div style=\"height:10px\" aria-hidden=\"true\" class=\"wp-block-spacer\"><\/div>\n\n\n\n<figure class=\"wp-block-image size-full\"><img loading=\"lazy\" decoding=\"async\" width=\"626\" height=\"573\" src=\"https:\/\/cgtcatalunya.cat\/uoc\/wp-content\/uploads\/2023\/12\/votos-volatiles.jpg\" alt=\"\" class=\"wp-image-2330\" srcset=\"https:\/\/cgtcatalunya.cat\/uoc\/wp-content\/uploads\/2023\/12\/votos-volatiles.jpg 626w, https:\/\/cgtcatalunya.cat\/uoc\/wp-content\/uploads\/2023\/12\/votos-volatiles-300x275.jpg 300w\" sizes=\"auto, (max-width: 626px) 100vw, 626px\" \/><\/figure>\n\n\n\n<p id=\"m_-3620351459020275435gmail-docs-internal-guid-64a0a5e0-7fff-c3bc-eb83-7688729639c6\">Companya, company,<\/p>\n\n\n\n<p>des de la secci\u00f3 sindical CGT UOC hem demanat a la Mesa Electoral la suspensi\u00f3 de les eleccions sindicals, tenint en compte dues greus incid\u00e8ncies. Tamb\u00e9 els altres dos sindicats s&#8217;han comunicat amb la mesa.&nbsp;Totes dues incid\u00e8ncies s\u00f3n greus, per\u00f2 la resoluci\u00f3 de l&#8217;\u00e0rbitre \u00e9s determinant, no hi ha alternativa a la suspensi\u00f3 del proc\u00e9s.<\/p>\n\n\n\n<ol class=\"wp-block-list\">\n<li><strong>Resoluci\u00f3 de l&#8217;arbitratge d&#8217;impugnaci\u00f3<\/strong><br><br>Ens ha arribat a aquesta secci\u00f3 sindical a les 11.24\u202fh del dia d&#8217;avui 30 de novembre, el mateix dia de votacions. Si la nostra informaci\u00f3 \u00e9s correcta, l&#8217;\u00e0rbitre tenia 3 dies h\u00e0bils per a prendre resoluci\u00f3, que va arribar 9 dies despr\u00e9s, comptant des del dimarts 21 de novembre.<br><br><em>Procedimiento arbitral de elecciones de representantes de trabajadores. Barcelona.<\/em><br><em>Referencia: B-364\/2023. Empresa: FUNDACI\u00d3 PER A LA UNIVERSITAT OBERTA DE CATALUNYA<\/em><br>Refer\u00e8ncia: REF_416464_364_2023_2<br>N\u00fam. registre de sortida: 9067\/749145\/2023<\/li>\n<\/ol>\n\n\n\n<ol class=\"wp-block-list\" start=\"2\">\n<li><strong>El mal funcionament de l&#8217;eina de votaci\u00f3<\/strong>, que va provocar desconcert entre el personal treballador votant, i que moltes persones probablement han desistit d&#8217;exercir el seu dret de vot. Des de la nostra secci\u00f3 sindical, el dia divendres 24 de novembre vam avisar a l&#8217;empresa que el funcionament del web no era correcte, i se\u2019ns va respondre que ho revisarien. Arribat el dia de les votacions, que haurien d&#8217;haver estat de 9.00 a 17.00\u202fh, no es va resoldre aquest problema fins a les 12 h.<br><br>A banda d\u2019aix\u00f2, l&#8217;eina no permet ni el vot en blanc ni el vot nul, incomplint la normativa. Tamb\u00e9, com que es poden marcar les tres candidatures, en enviar surt un missatge en vermell dient que nom\u00e9s es pot una candidatura. Tot molt conf\u00fas. M\u00e9s enll\u00e0 de l&#8217;arbitratge, el funcionament de l&#8217;eina de votaci\u00f3 ha estat del tot incorrecte, a banda de comen\u00e7ar molt tard, a prop de les 12.00 h.<\/li>\n<\/ol>\n\n\n\n<div style=\"height:12px\" aria-hidden=\"true\" class=\"wp-block-spacer\"><\/div>\n\n\n\n<p>Tal com hem dit, les dues incid\u00e8ncies s\u00f3n greus, per\u00f2 la resoluci\u00f3 de l&#8217;\u00e0rbitre \u00e9s determinant, no hi ha alternativa a la suspensi\u00f3 del proc\u00e9s i tornar a comen\u00e7ar. De totes maneres, cal aclarir que els defectes t\u00e8cnics tamb\u00e9 s&#8217;han de resoldre de cara al proc\u00e9s que es reiniciar\u00e0 pr\u00f2ximament.<\/p>\n\n\n\n<p>Per aquests dos motius, hem demanat a la Mesa Electoral que suspengui les eleccions sindicals fins a resoldre aquestes dues greus incid\u00e8ncies.<\/p>\n\n\n\n<p>Salut,<\/p>\n\n\n\n<p>C<strong>lica sindicalisme combatiu, clica CGT!<\/strong><\/p>\n\n\n\n<div style=\"height:15px\" aria-hidden=\"true\" class=\"wp-block-spacer\"><\/div>\n\n\n<div class=\"wp-block-image\">\n<figure class=\"alignleft is-resized\"><img loading=\"lazy\" decoding=\"async\" width=\"247\" height=\"243\" src=\"http:\/\/cgtcatalunya.cat\/uoc\/wp-content\/uploads\/2023\/10\/logo-CGT-UOC-rodo.png\" alt=\"logo CGT UOC rodo\" class=\"wp-image-2299\" style=\"aspect-ratio:1.0164609053497942;width:136px;height:auto\"\/><\/figure>\n<\/div>\n\n\n<p><strong>Secci\u00f3 Sindical CGT UOC<\/strong><br><a rel=\"noreferrer noopener\" href=\"http:\/\/cgtcatalunya.cat\/uoc\/\" target=\"_blank\">http:\/\/cgtcatalunya.cat\/uoc\/<\/a><br><a rel=\"noreferrer noopener\" href=\"https:\/\/cgtuoceleccionssindicals2023.home.blog\/\" target=\"_blank\">https:\/\/cgtuoceleccionssindicals2023.home.blog\/<\/a><br><a rel=\"noreferrer noopener\" href=\"mailto:cgtuoc@gmail.com\" target=\"_blank\">cgtuoc@gmail.com<\/a><br><a rel=\"noreferrer noopener\" href=\"https:\/\/twitter.com\/CgtUoc\" target=\"_blank\">@CgtUoc<\/a><\/p>\n<div class=\"sharing-default-minimal post-bottom\"><div class=\"nectar-social default\" data-position=\"\" data-rm-love=\"0\" data-color-override=\"override\"><div class=\"nectar-social-inner\"><a href=\"#\" class=\"nectar-love\" id=\"nectar-love-2318\" title=\"Love this\"> <i class=\"icon-salient-heart-2\"><\/i><span class=\"love-text\">Love<\/span><span class=\"total_loves\"><span class=\"nectar-love-count\">0<\/span><\/span><\/a><a class='facebook-share nectar-sharing' href='#' title='Share this'> <i class='fa fa-facebook'><\/i> <span class='social-text'>Share<\/span> <\/a><a class='twitter-share nectar-sharing' href='#' title='Tweet this'> <i class='fa fa-twitter'><\/i> <span class='social-text'>Tweet<\/span> <\/a><\/div><\/div><\/div>","protected":false},"excerpt":{"rendered":"<p>Suspensi\u00f3 de les eleccions sindicals UOCComunicat de CGT UOC Companya, company, des de la secci\u00f3 sindical CGT UOC hem demanat a la Mesa Electoral la suspensi\u00f3 de les eleccions sindicals, tenint en compte dues&#46;&#46;&#46;<\/p>\n","protected":false},"author":1,"featured_media":2330,"comment_status":"closed","ping_status":"closed","sticky":false,"template":"","format":"standard","meta":{"footnotes":""},"categories":[38,36,19],"tags":[],"class_list":["post-2318","post","type-post","status-publish","format-standard","has-post-thumbnail","hentry","category-cgt-uoc","category-eleccions-sindicals","category-uoc"],"_links":{"self":[{"href":"https:\/\/cgtcatalunya.cat\/uoc\/wp-json\/wp\/v2\/posts\/2318","targetHints":{"allow":["GET"]}}],"collection":[{"href":"https:\/\/cgtcatalunya.cat\/uoc\/wp-json\/wp\/v2\/posts"}],"about":[{"href":"https:\/\/cgtcatalunya.cat\/uoc\/wp-json\/wp\/v2\/types\/post"}],"author":[{"embeddable":true,"href":"https:\/\/cgtcatalunya.cat\/uoc\/wp-json\/wp\/v2\/users\/1"}],"replies":[{"embeddable":true,"href":"https:\/\/cgtcatalunya.cat\/uoc\/wp-json\/wp\/v2\/comments?post=2318"}],"version-history":[{"count":7,"href":"https:\/\/cgtcatalunya.cat\/uoc\/wp-json\/wp\/v2\/posts\/2318\/revisions"}],"predecessor-version":[{"id":2444,"href":"https:\/\/cgtcatalunya.cat\/uoc\/wp-json\/wp\/v2\/posts\/2318\/revisions\/2444"}],"wp:featuredmedia":[{"embeddable":true,"href":"https:\/\/cgtcatalunya.cat\/uoc\/wp-json\/wp\/v2\/media\/2330"}],"wp:attachment":[{"href":"https:\/\/cgtcatalunya.cat\/uoc\/wp-json\/wp\/v2\/media?parent=2318"}],"wp:term":[{"taxonomy":"category","embeddable":true,"href":"https:\/\/cgtcatalunya.cat\/uoc\/wp-json\/wp\/v2\/categories?post=2318"},{"taxonomy":"post_tag","embeddable":true,"href":"https:\/\/cgtcatalunya.cat\/uoc\/wp-json\/wp\/v2\/tags?post=2318"}],"curies":[{"name":"wp","href":"https:\/\/api.w.org\/{rel}","templated":true}]}}