{"id":2333,"date":"2024-01-11T18:32:51","date_gmt":"2024-01-11T18:32:51","guid":{"rendered":"https:\/\/cgtcatalunya.cat\/uoc\/?p=2333"},"modified":"2024-01-11T19:09:54","modified_gmt":"2024-01-11T19:09:54","slug":"el-dijous-18-de-gener-clica-cgt","status":"publish","type":"post","link":"https:\/\/cgtcatalunya.cat\/uoc\/el-dijous-18-de-gener-clica-cgt\/","title":{"rendered":"El dijous 18 de gener, clica CGT!"},"content":{"rendered":"\n<figure class=\"wp-block-image size-large\"><img loading=\"lazy\" decoding=\"async\" width=\"724\" height=\"1024\" src=\"https:\/\/cgtcatalunya.cat\/uoc\/wp-content\/uploads\/2024\/01\/cartell-CGT-eleccions-sindicals-UOC-2024-724x1024.png\" alt=\"\" class=\"wp-image-2335\" srcset=\"https:\/\/cgtcatalunya.cat\/uoc\/wp-content\/uploads\/2024\/01\/cartell-CGT-eleccions-sindicals-UOC-2024-724x1024.png 724w, https:\/\/cgtcatalunya.cat\/uoc\/wp-content\/uploads\/2024\/01\/cartell-CGT-eleccions-sindicals-UOC-2024-212x300.png 212w, https:\/\/cgtcatalunya.cat\/uoc\/wp-content\/uploads\/2024\/01\/cartell-CGT-eleccions-sindicals-UOC-2024-768x1086.png 768w, https:\/\/cgtcatalunya.cat\/uoc\/wp-content\/uploads\/2024\/01\/cartell-CGT-eleccions-sindicals-UOC-2024-1086x1536.png 1086w, https:\/\/cgtcatalunya.cat\/uoc\/wp-content\/uploads\/2024\/01\/cartell-CGT-eleccions-sindicals-UOC-2024-1448x2048.png 1448w, https:\/\/cgtcatalunya.cat\/uoc\/wp-content\/uploads\/2024\/01\/cartell-CGT-eleccions-sindicals-UOC-2024.png 1587w\" sizes=\"auto, (max-width: 724px) 100vw, 724px\" \/><\/figure>\n\n\n\n<p>Companya, company,<\/p>\n\n\n\n<p>despr\u00e9s de la suspensi\u00f3 electoral i del rec\u00e9s hivernal, tornem a engegar els motors per aquestes eleccions sindicals i per un any que promet ser mogut pel que fa als nostres drets laborals.<\/p>\n\n\n\n<p>La lluita i reclamaci\u00f3 iniciada fa anys per la CGT amb relaci\u00f3 a l&#8217;IPC als salaris UOC, finalment dona un resultat parcial amb el reconeixement de la p\u00e8rdua escandalosa del nostre poder adquisitiu de l\u2019any 2023. Continuarem reclamant, per\u00f2, la part perduda els anys anteriors i des del 2012.&nbsp;<\/p>\n\n\n\n<p>Tant en aquest, com en la resta d&#8217;aspectes que ens afecten com treballadors i treballadores UOC, des de la CGT continuarem lluitant al costat de la plantilla, sense distincions, perqu\u00e8 nom\u00e9s unides com a classe treballadora tenim la nostra for\u00e7a.&nbsp;<\/p>\n\n\n\n<p>Tant avui com la resta de l\u2019any, estem sempre disponibles i amb la porta oberta a les teves consultes i encara m\u00e9s a la teva participaci\u00f3, no nom\u00e9s en temps d&#8217;eleccions, perqu\u00e8 els drets laborals els defensem cada dia entre totes i tots.<\/p>\n\n\n\n<p>El pr\u00f2xim 18 de gener vota la candidatura CGT UOC (<a href=\"https:\/\/cgtuoceleccionssindicals2023.home.blog\/\" target=\"_blank\" rel=\"noreferrer noopener\">aqu\u00ed les nostres propostes<\/a>), som companyes i companys de base que lluitem perqu\u00e8 la UOC esdevingui una universitat pionera en drets laborals, no nom\u00e9s de paraula, sin\u00f3 que sigui tamb\u00e9 un exemple per a les universitats p\u00fabliques catalanes.<\/p>\n\n\n\n<p><strong>Per tot aix\u00f2, el dijous 18 de gener, clica sindicalisme combatiu, clica CGT!<\/strong><\/p>\n\n\n\n<div style=\"height:12px\" aria-hidden=\"true\" class=\"wp-block-spacer\"><\/div>\n\n\n<div class=\"wp-block-image\">\n<figure class=\"alignleft size-thumbnail\"><img loading=\"lazy\" decoding=\"async\" width=\"150\" height=\"150\" src=\"https:\/\/cgtcatalunya.cat\/uoc\/wp-content\/uploads\/2023\/10\/logo-CGT-UOC-rodo-150x150.png\" alt=\"logo CGT UOC rodo\" class=\"wp-image-2299\"\/><\/figure>\n<\/div>\n\n\n<p class=\"has-text-align-left\"><strong>Secci\u00f3 Sindical CGT UOC<\/strong><br><a href=\"https:\/\/cgtcatalunya.cat\/uoc\/\" target=\"_blank\" rel=\"noreferrer noopener\">https:\/\/cgtcatalunya.cat\/uoc\/<\/a><br><a rel=\"noreferrer noopener\" href=\"https:\/\/cgtuoceleccionssindicals2023.home.blog\/\" target=\"_blank\">https:\/\/cgtuoceleccionssindicals2023.home.blog\/<\/a><br><a rel=\"noreferrer noopener\" href=\"mailto:cgtuoc@gmail.com\" target=\"_blank\">cgtuoc@gmail.com<\/a><br><a rel=\"noreferrer noopener\" href=\"https:\/\/twitter.com\/CgtUoc\" target=\"_blank\">@CgtUoc<\/a><\/p>\n\n\n\n<p><\/p>\n<div class=\"sharing-default-minimal post-bottom\"><div class=\"nectar-social default\" data-position=\"\" data-rm-love=\"0\" data-color-override=\"override\"><div class=\"nectar-social-inner\"><a href=\"#\" class=\"nectar-love\" id=\"nectar-love-2333\" title=\"Love this\"> <i class=\"icon-salient-heart-2\"><\/i><span class=\"love-text\">Love<\/span><span class=\"total_loves\"><span class=\"nectar-love-count\">0<\/span><\/span><\/a><a class='facebook-share nectar-sharing' href='#' title='Share this'> <i class='fa fa-facebook'><\/i> <span class='social-text'>Share<\/span> <\/a><a class='twitter-share nectar-sharing' href='#' title='Tweet this'> <i class='fa fa-twitter'><\/i> <span class='social-text'>Tweet<\/span> <\/a><\/div><\/div><\/div>","protected":false},"excerpt":{"rendered":"<p>Companya, company, despr\u00e9s de la suspensi\u00f3 electoral i del rec\u00e9s hivernal, tornem a engegar els motors per aquestes eleccions sindicals i per un any que promet ser mogut pel que fa als nostres drets&#46;&#46;&#46;<\/p>\n","protected":false},"author":1,"featured_media":2335,"comment_status":"closed","ping_status":"closed","sticky":false,"template":"","format":"standard","meta":{"footnotes":""},"categories":[38,36],"tags":[],"class_list":["post-2333","post","type-post","status-publish","format-standard","has-post-thumbnail","hentry","category-cgt-uoc","category-eleccions-sindicals"],"_links":{"self":[{"href":"https:\/\/cgtcatalunya.cat\/uoc\/wp-json\/wp\/v2\/posts\/2333","targetHints":{"allow":["GET"]}}],"collection":[{"href":"https:\/\/cgtcatalunya.cat\/uoc\/wp-json\/wp\/v2\/posts"}],"about":[{"href":"https:\/\/cgtcatalunya.cat\/uoc\/wp-json\/wp\/v2\/types\/post"}],"author":[{"embeddable":true,"href":"https:\/\/cgtcatalunya.cat\/uoc\/wp-json\/wp\/v2\/users\/1"}],"replies":[{"embeddable":true,"href":"https:\/\/cgtcatalunya.cat\/uoc\/wp-json\/wp\/v2\/comments?post=2333"}],"version-history":[{"count":4,"href":"https:\/\/cgtcatalunya.cat\/uoc\/wp-json\/wp\/v2\/posts\/2333\/revisions"}],"predecessor-version":[{"id":2339,"href":"https:\/\/cgtcatalunya.cat\/uoc\/wp-json\/wp\/v2\/posts\/2333\/revisions\/2339"}],"wp:featuredmedia":[{"embeddable":true,"href":"https:\/\/cgtcatalunya.cat\/uoc\/wp-json\/wp\/v2\/media\/2335"}],"wp:attachment":[{"href":"https:\/\/cgtcatalunya.cat\/uoc\/wp-json\/wp\/v2\/media?parent=2333"}],"wp:term":[{"taxonomy":"category","embeddable":true,"href":"https:\/\/cgtcatalunya.cat\/uoc\/wp-json\/wp\/v2\/categories?post=2333"},{"taxonomy":"post_tag","embeddable":true,"href":"https:\/\/cgtcatalunya.cat\/uoc\/wp-json\/wp\/v2\/tags?post=2333"}],"curies":[{"name":"wp","href":"https:\/\/api.w.org\/{rel}","templated":true}]}}