{"id":2718,"date":"2025-10-10T08:53:00","date_gmt":"2025-10-10T08:53:00","guid":{"rendered":"https:\/\/cgtcatalunya.cat\/uoc\/?p=2718"},"modified":"2025-10-10T11:00:27","modified_gmt":"2025-10-10T11:00:27","slug":"vaga-general-el-15-doctubre-de-24-hores-contra-el-genocidi-a-palestina","status":"publish","type":"post","link":"https:\/\/cgtcatalunya.cat\/uoc\/vaga-general-el-15-doctubre-de-24-hores-contra-el-genocidi-a-palestina\/","title":{"rendered":"Vaga General el 15 d\u2019octubre de 24 hores contra el Genocidi a Palestina"},"content":{"rendered":"<p>[vc_row type=\u00bbin_container\u00bb full_screen_row_position=\u00bbmiddle\u00bb column_margin=\u00bbdefault\u00bb column_direction=\u00bbdefault\u00bb column_direction_tablet=\u00bbdefault\u00bb column_direction_phone=\u00bbdefault\u00bb scene_position=\u00bbcenter\u00bb text_color=\u00bbdark\u00bb text_align=\u00bbleft\u00bb row_border_radius=\u00bbnone\u00bb row_border_radius_applies=\u00bbbg\u00bb overflow=\u00bbvisible\u00bb overlay_strength=\u00bb0.3&#8243; gradient_direction=\u00bbleft_to_right\u00bb shape_divider_position=\u00bbbottom\u00bb bg_image_animation=\u00bbnone\u00bb][vc_column column_padding=\u00bbno-extra-padding\u00bb column_padding_tablet=\u00bbinherit\u00bb column_padding_phone=\u00bbinherit\u00bb column_padding_position=\u00bball\u00bb column_element_direction_desktop=\u00bbdefault\u00bb column_element_spacing=\u00bbdefault\u00bb desktop_text_alignment=\u00bbdefault\u00bb tablet_text_alignment=\u00bbdefault\u00bb phone_text_alignment=\u00bbdefault\u00bb background_color_opacity=\u00bb1&#8243; background_hover_color_opacity=\u00bb1&#8243; column_backdrop_filter=\u00bbnone\u00bb column_shadow=\u00bbnone\u00bb column_border_radius=\u00bbnone\u00bb column_link_target=\u00bb_self\u00bb column_position=\u00bbdefault\u00bb gradient_direction=\u00bbleft_to_right\u00bb overlay_strength=\u00bb0.3&#8243; width=\u00bb1\/1&#8243; tablet_width_inherit=\u00bbdefault\u00bb animation_type=\u00bbdefault\u00bb bg_image_animation=\u00bbnone\u00bb border_type=\u00bbsimple\u00bb column_border_width=\u00bbnone\u00bb column_border_style=\u00bbsolid\u00bb][vc_column_text]<\/p>\n<figure class=\"wp-block-image size-large\"><img loading=\"lazy\" decoding=\"async\" width=\"724\" height=\"1024\" src=\"https:\/\/cgtcatalunya.cat\/uoc\/wp-content\/uploads\/2025\/10\/Vaga-15O-CGT-a3-724x1024.jpg\" alt=\"\" class=\"wp-image-2719\" srcset=\"https:\/\/cgtcatalunya.cat\/uoc\/wp-content\/uploads\/2025\/10\/Vaga-15O-CGT-a3-724x1024.jpg 724w, https:\/\/cgtcatalunya.cat\/uoc\/wp-content\/uploads\/2025\/10\/Vaga-15O-CGT-a3-212x300.jpg 212w, https:\/\/cgtcatalunya.cat\/uoc\/wp-content\/uploads\/2025\/10\/Vaga-15O-CGT-a3-768x1086.jpg 768w, https:\/\/cgtcatalunya.cat\/uoc\/wp-content\/uploads\/2025\/10\/Vaga-15O-CGT-a3-1086x1536.jpg 1086w, https:\/\/cgtcatalunya.cat\/uoc\/wp-content\/uploads\/2025\/10\/Vaga-15O-CGT-a3-1448x2048.jpg 1448w, https:\/\/cgtcatalunya.cat\/uoc\/wp-content\/uploads\/2025\/10\/Vaga-15O-CGT-a3.jpg 1754w\" sizes=\"auto, (max-width: 724px) 100vw, 724px\" \/><\/figure>\n\n<p>La Confederaci\u00f3 General del Treball ha acordat en una Plen\u00e0ria Extraordin\u00e0ria la convocat\u00f2ria d&#8217;una jornada de vaga general per a dimecres que ve, 15 d&#8217;octubre de 2025. L&#8217;organitzaci\u00f3 anarcosindicalista crida a participar a tota la societat en els actes i mobilitzacions que s&#8217;organitzen per a aquest dia en les diferents territorials. Aquesta convocat\u00f2ria es fa m\u00e9s necess\u00e0ria que mai donada la situaci\u00f3 per la qual travessa la classe treballadora, i entre les causes de la qual est\u00e0 l&#8217;escalada b\u00e8l\u00b7lica que a nivell internacional dirigeix les prioritats dels governs i els seus representants a un nou i important rearmament dels seus ex\u00e8rcits.<\/p>\n\n<p>En el cas espanyol, CGT fonamenta la convocat\u00f2ria d&#8217;aquesta jornada de vaga en la lluita per una redistribuci\u00f3 de la despesa p\u00fablica en favor dels treballadors i de les treballadores, i contra l&#8217;auge de la inversi\u00f3 p\u00fablica en partides destinades a la defensa i a la militaritzaci\u00f3.<\/p>\n\n<p>Aquesta vaga es convoca en <strong>solidaritat amb el poble palest\u00ed davant el genocidi i l\u2019opressi\u00f3 colonial que pateix<\/strong>. Creiem que <strong>no hi pot haver pau sense just\u00edcia<\/strong>. Defensem una pau justa, digna i lliure de l\u2019opressi\u00f3 colonial.<\/p>\n\n<p>Exigim a les institucions catalanes un comprom\u00eds ferm amb el <strong>trencament diplom\u00e0tic i comercial amb l\u2019Estat d\u2019Israel i amb les empreses que col\u00b7laboren amb la seva pol\u00edtica d\u2019ocupaci\u00f3 i apartheid<\/strong>. Considerem tamb\u00e9 que la deriva militarista d&#8217;occident condueix a la retallada i p\u00e8rdua de drets hist\u00f2rics de la classe treballadora com ho s\u00f3n els serveis p\u00fablics, la sanitat o l&#8217;educaci\u00f3, en virtut d&#8217;un increment del pressupost militar, influenciat directament per les pol\u00edtiques exteriors dels Estats Units i Israel.<\/p>\n\n<p>Fem una convocat\u00f2ria a aturar-ho tot i a participar activament en aquesta jornada de vaga, lluita i solidaritat.<\/p>\n\n<p>Adherim:<\/p>\n\n<p><br \/>\n<img decoding=\"async\" class=\"\" style=\"width: 100px; margin-right: 10px;\" src=\"https:\/\/www.cgtensenyament.cat\/wp-content\/uploads\/2021\/02\/logo-CGT-UOC-rodo.png\" alt=\"Secci\u00f3 Sindical de la CGT UOC\" align=\"left\" \/><strong> CGT UOC<\/strong><br \/>\nhttps:\/\/www.cgtcatalunya.cat\/uoc\/<br \/>\ncgtuoc@gmail.com<br \/>\n@CgtUoc<\/p>\n\n\n<div style=\"height:26px\" aria-hidden=\"true\" class=\"wp-block-spacer\"><\/div>\n<p>[\/vc_column_text][\/vc_column][\/vc_row]<\/p>\n<div class=\"sharing-default-minimal post-bottom\"><div class=\"nectar-social default\" data-position=\"\" data-rm-love=\"0\" data-color-override=\"override\"><div class=\"nectar-social-inner\"><a href=\"#\" class=\"nectar-love\" id=\"nectar-love-2718\" title=\"Love this\"> <i class=\"icon-salient-heart-2\"><\/i><span class=\"love-text\">Love<\/span><span class=\"total_loves\"><span class=\"nectar-love-count\">0<\/span><\/span><\/a><a class='facebook-share nectar-sharing' href='#' title='Share this'> <i class='fa fa-facebook'><\/i> <span class='social-text'>Share<\/span> <\/a><a class='twitter-share nectar-sharing' href='#' title='Tweet this'> <i class='fa fa-twitter'><\/i> <span class='social-text'>Tweet<\/span> <\/a><\/div><\/div><\/div>","protected":false},"excerpt":{"rendered":"<p>[vc_row type=\u00bbin_container\u00bb full_screen_row_position=\u00bbmiddle\u00bb column_margin=\u00bbdefault\u00bb column_direction=\u00bbdefault\u00bb column_direction_tablet=\u00bbdefault\u00bb column_direction_phone=\u00bbdefault\u00bb scene_position=\u00bbcenter\u00bb text_color=\u00bbdark\u00bb text_align=\u00bbleft\u00bb row_border_radius=\u00bbnone\u00bb row_border_radius_applies=\u00bbbg\u00bb overflow=\u00bbvisible\u00bb overlay_strength=\u00bb0.3&#8243; gradient_direction=\u00bbleft_to_right\u00bb shape_divider_position=\u00bbbottom\u00bb bg_image_animation=\u00bbnone\u00bb][vc_column column_padding=\u00bbno-extra-padding\u00bb column_padding_tablet=\u00bbinherit\u00bb column_padding_phone=\u00bbinherit\u00bb column_padding_position=\u00bball\u00bb column_element_direction_desktop=\u00bbdefault\u00bb column_element_spacing=\u00bbdefault\u00bb desktop_text_alignment=\u00bbdefault\u00bb tablet_text_alignment=\u00bbdefault\u00bb phone_text_alignment=\u00bbdefault\u00bb background_color_opacity=\u00bb1&#8243; background_hover_color_opacity=\u00bb1&#8243; column_backdrop_filter=\u00bbnone\u00bb column_shadow=\u00bbnone\u00bb column_border_radius=\u00bbnone\u00bb column_link_target=\u00bb_self\u00bb column_position=\u00bbdefault\u00bb gradient_direction=\u00bbleft_to_right\u00bb&#46;&#46;&#46;<\/p>\n","protected":false},"author":1,"featured_media":2719,"comment_status":"closed","ping_status":"closed","sticky":false,"template":"","format":"standard","meta":{"footnotes":""},"categories":[23,16,17,31],"tags":[],"class_list":["post-2718","post","type-post","status-publish","format-standard","has-post-thumbnail","hentry","category-cgt","category-sindical","category-social","category-vaga"],"_links":{"self":[{"href":"https:\/\/cgtcatalunya.cat\/uoc\/wp-json\/wp\/v2\/posts\/2718","targetHints":{"allow":["GET"]}}],"collection":[{"href":"https:\/\/cgtcatalunya.cat\/uoc\/wp-json\/wp\/v2\/posts"}],"about":[{"href":"https:\/\/cgtcatalunya.cat\/uoc\/wp-json\/wp\/v2\/types\/post"}],"author":[{"embeddable":true,"href":"https:\/\/cgtcatalunya.cat\/uoc\/wp-json\/wp\/v2\/users\/1"}],"replies":[{"embeddable":true,"href":"https:\/\/cgtcatalunya.cat\/uoc\/wp-json\/wp\/v2\/comments?post=2718"}],"version-history":[{"count":4,"href":"https:\/\/cgtcatalunya.cat\/uoc\/wp-json\/wp\/v2\/posts\/2718\/revisions"}],"predecessor-version":[{"id":2724,"href":"https:\/\/cgtcatalunya.cat\/uoc\/wp-json\/wp\/v2\/posts\/2718\/revisions\/2724"}],"wp:featuredmedia":[{"embeddable":true,"href":"https:\/\/cgtcatalunya.cat\/uoc\/wp-json\/wp\/v2\/media\/2719"}],"wp:attachment":[{"href":"https:\/\/cgtcatalunya.cat\/uoc\/wp-json\/wp\/v2\/media?parent=2718"}],"wp:term":[{"taxonomy":"category","embeddable":true,"href":"https:\/\/cgtcatalunya.cat\/uoc\/wp-json\/wp\/v2\/categories?post=2718"},{"taxonomy":"post_tag","embeddable":true,"href":"https:\/\/cgtcatalunya.cat\/uoc\/wp-json\/wp\/v2\/tags?post=2718"}],"curies":[{"name":"wp","href":"https:\/\/api.w.org\/{rel}","templated":true}]}}