{"id":2726,"date":"2025-11-03T10:23:00","date_gmt":"2025-11-03T10:23:00","guid":{"rendered":"https:\/\/cgtcatalunya.cat\/uoc\/?p=2726"},"modified":"2025-11-06T08:56:33","modified_gmt":"2025-11-06T08:56:33","slug":"assemblea-a-la-uoc-dijous-6-de-novembre-2025-per-un-conveni-col%c2%b7lectiu-digne","status":"publish","type":"post","link":"https:\/\/cgtcatalunya.cat\/uoc\/assemblea-a-la-uoc-dijous-6-de-novembre-2025-per-un-conveni-col%c2%b7lectiu-digne\/","title":{"rendered":"Assemblea a la UOC, dijous 6 de novembre 2025: per un Conveni Col\u00b7lectiu digne!"},"content":{"rendered":"<p>[vc_row type=\u00bbin_container\u00bb full_screen_row_position=\u00bbmiddle\u00bb column_margin=\u00bbdefault\u00bb column_direction=\u00bbdefault\u00bb column_direction_tablet=\u00bbdefault\u00bb column_direction_phone=\u00bbdefault\u00bb scene_position=\u00bbcenter\u00bb text_color=\u00bbdark\u00bb text_align=\u00bbleft\u00bb row_border_radius=\u00bbnone\u00bb row_border_radius_applies=\u00bbbg\u00bb overflow=\u00bbvisible\u00bb overlay_strength=\u00bb0.3&#8243; gradient_direction=\u00bbleft_to_right\u00bb shape_divider_position=\u00bbbottom\u00bb bg_image_animation=\u00bbnone\u00bb][vc_column column_padding=\u00bbno-extra-padding\u00bb column_padding_tablet=\u00bbinherit\u00bb column_padding_phone=\u00bbinherit\u00bb column_padding_position=\u00bball\u00bb column_element_direction_desktop=\u00bbdefault\u00bb column_element_spacing=\u00bbdefault\u00bb desktop_text_alignment=\u00bbdefault\u00bb tablet_text_alignment=\u00bbdefault\u00bb phone_text_alignment=\u00bbdefault\u00bb background_color_opacity=\u00bb1&#8243; background_hover_color_opacity=\u00bb1&#8243; column_backdrop_filter=\u00bbnone\u00bb column_shadow=\u00bbnone\u00bb column_border_radius=\u00bbnone\u00bb column_link_target=\u00bb_self\u00bb column_position=\u00bbdefault\u00bb gradient_direction=\u00bbleft_to_right\u00bb overlay_strength=\u00bb0.3&#8243; width=\u00bb1\/1&#8243; tablet_width_inherit=\u00bbdefault\u00bb animation_type=\u00bbdefault\u00bb bg_image_animation=\u00bbnone\u00bb border_type=\u00bbsimple\u00bb column_border_width=\u00bbnone\u00bb column_border_style=\u00bbsolid\u00bb][vc_column_text]<div class=\"wp-block-image\"><\/p>\r\n<figure class=\"aligncenter size-large\"><img loading=\"lazy\" decoding=\"async\" class=\"aligncenter wp-image-2736 size-full\" src=\"http:\/\/cgtcatalunya.cat\/uoc\/wp-content\/uploads\/2025\/11\/poster-assamblea-06oct2025-temporal-1.png\" alt=\"Assamblea UOC 6oct2025\" width=\"1587\" height=\"2245\" srcset=\"https:\/\/cgtcatalunya.cat\/uoc\/wp-content\/uploads\/2025\/11\/poster-assamblea-06oct2025-temporal-1.png 1587w, https:\/\/cgtcatalunya.cat\/uoc\/wp-content\/uploads\/2025\/11\/poster-assamblea-06oct2025-temporal-1-212x300.png 212w, https:\/\/cgtcatalunya.cat\/uoc\/wp-content\/uploads\/2025\/11\/poster-assamblea-06oct2025-temporal-1-724x1024.png 724w, https:\/\/cgtcatalunya.cat\/uoc\/wp-content\/uploads\/2025\/11\/poster-assamblea-06oct2025-temporal-1-768x1086.png 768w, https:\/\/cgtcatalunya.cat\/uoc\/wp-content\/uploads\/2025\/11\/poster-assamblea-06oct2025-temporal-1-1086x1536.png 1086w, https:\/\/cgtcatalunya.cat\/uoc\/wp-content\/uploads\/2025\/11\/poster-assamblea-06oct2025-temporal-1-1448x2048.png 1448w\" sizes=\"auto, (max-width: 1587px) 100vw, 1587px\" \/><\/figure>\r\n<\/div>\r\n<p>Des de <strong>CGT UOC cridem a l&#8217;assemblea informativa <\/strong>d&#8217;aquest <strong>dijous 6 de novembre 2025 a les 14 h<\/strong>, organitzada des del Comit\u00e8 d&#8217;empresa, on participem activament.<\/p>\r\n\r\n<p>Es far\u00e0 en format <span style=\"text-decoration: line-through;\">presencial a la sala 0.1 de l&#8217;edifici U<\/span> (anul\u00b7lat per temporal meteorol\u00f2gic) <strong>en l\u00ednia<\/strong> a la plataforma youtube [acc\u00e9s exclusiu plantilla].<\/p>\r\n\r\n<p>Des de CGT UOC impulsem la difusi\u00f3 de les problem\u00e0tiques actuals que afecten les treballadores i treballadors de la UOC, promovent la lluita de tota la plantilla en la resoluci\u00f3 dels problemes que l&#8217;afecten, que s\u00f3n extensius al conjunt de la classe treballadora.<\/p>\r\n\r\n<p>En aquesta assemblea parlarem sobre l&#8217;estat actual de la negociaci\u00f3 de conveni col\u00b7lectiu entre empresa i part social (comit\u00e8 d&#8217;empresa i sindicats), tot informant la plantilla UOC principalment sobre aquells aspectes que afecten directament les nostres economies com treballadores i treballadors UOC.<\/p>\r\n<p>La negociaci\u00f3 col\u00b7lectiva tindr\u00e0 m\u00e9s for\u00e7a si l&#8217;ampliem a l&#8217;acci\u00f3 sindical, amb la participaci\u00f3 i lluita de les persones treballadores per aconseguir les millores necess\u00e0ries davant les constants p\u00e8rdues salarials i per la recuperaci\u00f3 del nostre poder adquisitiu.<\/p>\r\n\r\n<p>El conveni col\u00b7lectiu afecta la nostra economia, amb les actuals taules salarials desfasades i l&#8217;abs\u00e8ncia d&#8217;altres incentius de pol\u00edtica salarial com poden ser l&#8217;actualitzaci\u00f3 segons l&#8217;IPC, antiguitat, etc., sin\u00f3 tamb\u00e9 altres aspectes que serien un benefici real i unes millores acords al treball a la nostra universitat, com potser la reducci\u00f3 de la jornada laboral, l&#8217;ampliaci\u00f3 de permisos, la definici\u00f3 de carreres professionals a l&#8217;\u00e0mbit de gesti\u00f3, etc., tots aquells aspectes que farien una difer\u00e8ncia efectiva de treballar a la UOC.<\/p>\r\n\r\n<p><strong>Parlarem dels temes que ens afecten a la UOC i les actuals lluites de la classe treballadora!<\/strong><\/p>\r\n\r\n<p><strong>Per un Conveni Col\u00b7lectiu FUOC digne!<\/strong><\/p>\r\n\r\n<p><strong>Vine i participa de l&#8217;assemblea!<\/strong><\/p>\r\n\r\n\r\n<div class=\"wp-block-image\">\r\n<figure class=\"alignleft is-resized\"><img loading=\"lazy\" decoding=\"async\" width=\"150\" height=\"150\" class=\"wp-image-2299\" style=\"width: 93px; height: auto;\" src=\"https:\/\/cgtcatalunya.cat\/uoc\/wp-content\/uploads\/2023\/10\/logo-CGT-UOC-rodo-150x150.png\" alt=\"logo CGT UOC rodo\" \/><\/figure>\r\n<\/div>\r\n<p><strong>Secci\u00f3 Sindical CGT UOC<\/strong><br \/><a href=\"https:\/\/cgtcatalunya.cat\/uoc\/\" target=\"_blank\" rel=\"noreferrer noopener\">https:\/\/cgtcatalunya.cat\/uoc\/<\/a><br \/><a href=\"mailto:cgtuoc@gmail.com\" target=\"_blank\" rel=\"noreferrer noopener\">cgtuoc@gmail.com<\/a><br \/><a href=\"https:\/\/twitter.com\/CgtUoc\" target=\"_blank\" rel=\"noreferrer noopener\">@CgtUoc<\/a><\/p>\r\n<p>[\/vc_column_text][\/vc_column][\/vc_row]<\/p><div class=\"sharing-default-minimal post-bottom\"><div class=\"nectar-social default\" data-position=\"\" data-rm-love=\"0\" data-color-override=\"override\"><div class=\"nectar-social-inner\"><a href=\"#\" class=\"nectar-love\" id=\"nectar-love-2726\" title=\"Love this\"> <i class=\"icon-salient-heart-2\"><\/i><span class=\"love-text\">Love<\/span><span class=\"total_loves\"><span class=\"nectar-love-count\">0<\/span><\/span><\/a><a class='facebook-share nectar-sharing' href='#' title='Share this'> <i class='fa fa-facebook'><\/i> <span class='social-text'>Share<\/span> <\/a><a class='twitter-share nectar-sharing' href='#' title='Tweet this'> <i class='fa fa-twitter'><\/i> <span class='social-text'>Tweet<\/span> <\/a><\/div><\/div><\/div>","protected":false},"excerpt":{"rendered":"<p>[vc_row type=\u00bbin_container\u00bb full_screen_row_position=\u00bbmiddle\u00bb column_margin=\u00bbdefault\u00bb column_direction=\u00bbdefault\u00bb column_direction_tablet=\u00bbdefault\u00bb column_direction_phone=\u00bbdefault\u00bb scene_position=\u00bbcenter\u00bb text_color=\u00bbdark\u00bb text_align=\u00bbleft\u00bb row_border_radius=\u00bbnone\u00bb row_border_radius_applies=\u00bbbg\u00bb overflow=\u00bbvisible\u00bb overlay_strength=\u00bb0.3&#8243; gradient_direction=\u00bbleft_to_right\u00bb shape_divider_position=\u00bbbottom\u00bb bg_image_animation=\u00bbnone\u00bb][vc_column column_padding=\u00bbno-extra-padding\u00bb column_padding_tablet=\u00bbinherit\u00bb column_padding_phone=\u00bbinherit\u00bb column_padding_position=\u00bball\u00bb column_element_direction_desktop=\u00bbdefault\u00bb column_element_spacing=\u00bbdefault\u00bb desktop_text_alignment=\u00bbdefault\u00bb tablet_text_alignment=\u00bbdefault\u00bb phone_text_alignment=\u00bbdefault\u00bb background_color_opacity=\u00bb1&#8243; background_hover_color_opacity=\u00bb1&#8243; column_backdrop_filter=\u00bbnone\u00bb column_shadow=\u00bbnone\u00bb column_border_radius=\u00bbnone\u00bb column_link_target=\u00bb_self\u00bb column_position=\u00bbdefault\u00bb gradient_direction=\u00bbleft_to_right\u00bb&#46;&#46;&#46;<\/p>\n","protected":false},"author":1,"featured_media":2736,"comment_status":"closed","ping_status":"closed","sticky":false,"template":"","format":"standard","meta":{"footnotes":""},"categories":[38,13,16,19],"tags":[41,42,46],"class_list":["post-2726","post","type-post","status-publish","format-standard","has-post-thumbnail","hentry","category-cgt-uoc","category-normativa-laboral","category-sindical","category-uoc","tag-assemblea","tag-cgt-uoc","tag-conveni-collectiu-uoc"],"_links":{"self":[{"href":"https:\/\/cgtcatalunya.cat\/uoc\/wp-json\/wp\/v2\/posts\/2726","targetHints":{"allow":["GET"]}}],"collection":[{"href":"https:\/\/cgtcatalunya.cat\/uoc\/wp-json\/wp\/v2\/posts"}],"about":[{"href":"https:\/\/cgtcatalunya.cat\/uoc\/wp-json\/wp\/v2\/types\/post"}],"author":[{"embeddable":true,"href":"https:\/\/cgtcatalunya.cat\/uoc\/wp-json\/wp\/v2\/users\/1"}],"replies":[{"embeddable":true,"href":"https:\/\/cgtcatalunya.cat\/uoc\/wp-json\/wp\/v2\/comments?post=2726"}],"version-history":[{"count":6,"href":"https:\/\/cgtcatalunya.cat\/uoc\/wp-json\/wp\/v2\/posts\/2726\/revisions"}],"predecessor-version":[{"id":2737,"href":"https:\/\/cgtcatalunya.cat\/uoc\/wp-json\/wp\/v2\/posts\/2726\/revisions\/2737"}],"wp:featuredmedia":[{"embeddable":true,"href":"https:\/\/cgtcatalunya.cat\/uoc\/wp-json\/wp\/v2\/media\/2736"}],"wp:attachment":[{"href":"https:\/\/cgtcatalunya.cat\/uoc\/wp-json\/wp\/v2\/media?parent=2726"}],"wp:term":[{"taxonomy":"category","embeddable":true,"href":"https:\/\/cgtcatalunya.cat\/uoc\/wp-json\/wp\/v2\/categories?post=2726"},{"taxonomy":"post_tag","embeddable":true,"href":"https:\/\/cgtcatalunya.cat\/uoc\/wp-json\/wp\/v2\/tags?post=2726"}],"curies":[{"name":"wp","href":"https:\/\/api.w.org\/{rel}","templated":true}]}}