{"id":2739,"date":"2025-11-21T14:07:56","date_gmt":"2025-11-21T14:07:56","guid":{"rendered":"https:\/\/cgtcatalunya.cat\/uoc\/?p=2739"},"modified":"2025-12-03T10:00:54","modified_gmt":"2025-12-03T10:00:54","slug":"25n-dia-internacional-contra-les-violencies-masclistes","status":"publish","type":"post","link":"https:\/\/cgtcatalunya.cat\/uoc\/25n-dia-internacional-contra-les-violencies-masclistes\/","title":{"rendered":"#25N\u00a0Dia internacional contra les viol\u00e8ncies masclistes"},"content":{"rendered":"<p>[vc_row type=\u00bbin_container\u00bb full_screen_row_position=\u00bbmiddle\u00bb column_margin=\u00bbdefault\u00bb column_direction=\u00bbdefault\u00bb column_direction_tablet=\u00bbdefault\u00bb column_direction_phone=\u00bbdefault\u00bb scene_position=\u00bbcenter\u00bb text_color=\u00bbdark\u00bb text_align=\u00bbleft\u00bb row_border_radius=\u00bbnone\u00bb row_border_radius_applies=\u00bbbg\u00bb overflow=\u00bbvisible\u00bb overlay_strength=\u00bb0.3&#8243; gradient_direction=\u00bbleft_to_right\u00bb shape_divider_position=\u00bbbottom\u00bb bg_image_animation=\u00bbnone\u00bb][vc_column column_padding=\u00bbno-extra-padding\u00bb column_padding_tablet=\u00bbinherit\u00bb column_padding_phone=\u00bbinherit\u00bb column_padding_position=\u00bball\u00bb column_element_direction_desktop=\u00bbdefault\u00bb column_element_spacing=\u00bbdefault\u00bb desktop_text_alignment=\u00bbdefault\u00bb tablet_text_alignment=\u00bbdefault\u00bb phone_text_alignment=\u00bbdefault\u00bb background_color_opacity=\u00bb1&#8243; background_hover_color_opacity=\u00bb1&#8243; column_backdrop_filter=\u00bbnone\u00bb column_shadow=\u00bbnone\u00bb column_border_radius=\u00bbnone\u00bb column_link_target=\u00bb_self\u00bb column_position=\u00bbdefault\u00bb gradient_direction=\u00bbleft_to_right\u00bb overlay_strength=\u00bb0.3&#8243; width=\u00bb1\/1&#8243; tablet_width_inherit=\u00bbdefault\u00bb animation_type=\u00bbdefault\u00bb bg_image_animation=\u00bbnone\u00bb border_type=\u00bbsimple\u00bb column_border_width=\u00bbnone\u00bb column_border_style=\u00bbsolid\u00bb][vc_column_text]<\/p>\r\n<figure class=\"wp-block-image size-full\"><img loading=\"lazy\" decoding=\"async\" width=\"737\" height=\"1024\" class=\"wp-image-2740\" src=\"https:\/\/cgtcatalunya.cat\/uoc\/wp-content\/uploads\/2025\/11\/25N-2025-CGT.jpg\" alt=\"\" srcset=\"https:\/\/cgtcatalunya.cat\/uoc\/wp-content\/uploads\/2025\/11\/25N-2025-CGT.jpg 737w, https:\/\/cgtcatalunya.cat\/uoc\/wp-content\/uploads\/2025\/11\/25N-2025-CGT-216x300.jpg 216w\" sizes=\"auto, (max-width: 737px) 100vw, 737px\" \/><\/figure>\r\n\r\n<p><strong>68 dones i 2 nenes han estat assassinades el 2025<\/strong>. Ja s\u00f3n <strong>2.094 els feminicidis <\/strong>documentats a l\u2019Estat espanyol des que hi ha registres (2003). No s\u00f3n nom\u00e9s xifres: s\u00f3n vides segades, v\u00edctimes que segueixen augmentant dia rere dia.<\/p>\r\n\r\n<p>Actualment, <strong>m\u00e9s de 105.000 casos actius es troben sota protecci\u00f3 al sistema VioG\u00e9n<\/strong>, amb milers de dones i menors encara en situaci\u00f3 de vulnerabilitat. Darrere de cada dada hi ha vides i hist\u00f2ries que ens interpel\u00b7len. <strong>Cada feminicidi \u00e9s una alerta ignorada<\/strong>, una vida perduda per la neglig\u00e8ncia institucional i social.<\/p>\r\n\r\n<p>Les viol\u00e8ncies masclistes s\u00f3n estructurals i adopten m\u00faltiples formes. Una de les m\u00e9s cruels \u00e9s la <strong>viol\u00e8ncia vi- c\u00e0ria<\/strong>, utilitzada com a c\u00e0stig i control mitjan\u00e7ant el dany a les criatures o a les persones estimades. <strong>Cal garan- tir amb urg\u00e8ncia la protecci\u00f3 real de la inf\u00e0ncia i el seu dret a ser escoltada<\/strong>, situant sempre el seu benestar al centre. La seva protecci\u00f3 no pot dependre de voluntats individuals, sin\u00f3 de <strong>pol\u00edtiques p\u00fabliques fermes, amb recursos suficients i una perspectiva feminista.<\/strong><\/p>\r\n\r\n<p><strong>Prou de revictimitzar-les! <\/strong>La responsabilitat \u00e9s de qui les deixa desemparades, sota el poder dels seus agres- sors, i de qui calla o fa veure que no ho veu.<\/p>\r\n\r\n<p>Les <strong>viol\u00e8ncies interseccionals <\/strong>colpegen amb m\u00e9s for\u00e7a a qui el sistema patriarcal i capitalista fa encara m\u00e9s vulnerables: <strong>dones migrants, racialitzades, LGTBIQA+, amb cossos no normatius, gent gran, amb discapa- citat o en situaci\u00f3 de depend\u00e8ncia<\/strong>, aix\u00ed com <strong>dones cuidadores<\/strong>, que tamb\u00e9 afronten la viol\u00e8ncia en totes les seves formes \u2014tamb\u00e9 la institucional\u2014 cada dia.<\/p>\r\n\r\n<p><strong>Visibilitzar aquestes realitats i actuar des d\u2019una perspectiva inclusiva i transformadora no \u00e9s una opci\u00f3: \u00e9s una necessitat<\/strong>. La interseccionalitat \u00e9s clau per construir respostes que no deixin ning\u00fa enrere.<\/p>\r\n\r\n<p>Des de <strong>CGT<\/strong>denunciem la <strong>viol\u00e8ncia<\/strong><strong>institucional<\/strong>que revictimitza, invisibilitza o desat\u00e9n. Les institucions que haurien de garantir drets es converteixen en agents d\u2019exclusi\u00f3, <strong>aprofundint la precarietat i l\u2019exposici\u00f3 a altres viol\u00e8ncies.<\/strong><\/p>\r\n\r\n<p><strong>Centrar el focus en les v\u00edctimes no ha funcionat: posem-lo en els agressors. <\/strong>A ells s\u2019ha d\u2019adre\u00e7ar la den\u00fancia social, la culpa i la vergonya.<\/p>\r\n\r\n<p>Reclamem <strong>recursos p\u00fablics, formaci\u00f3 feminista, acompanyament integral i autonomia real <\/strong>per a totes les persones que sobreviuen a la viol\u00e8ncia. I exigim que <strong>l\u2019educaci\u00f3 i la formaci\u00f3 <\/strong>siguin pilars fonamentals de qualsevol pol\u00edtica p\u00fablica contra les viol\u00e8ncies masclistes.<\/p>\r\n\r\n<p>La viol\u00e8ncia masclista tamb\u00e9 <strong>es reinventa a les xarxes socials<\/strong>, reproduint entre <strong>la joventut <\/strong>els mateixos patrons de dominaci\u00f3 i submissi\u00f3<strong>. L\u2019assetjament, la vigil\u00e0ncia i la humiliaci\u00f3 digital <\/strong>s\u00f3n noves formes de control patriarcal que reforcen la desigualtat. L\u2019exposici\u00f3 constant a continguts masclistes, al culte al cos i a vides irreals amplifica el missatge de viol\u00e8ncia, subordinaci\u00f3 i una utopia reaccion\u00e0ria disfressada d\u2019elecci\u00f3.<\/p>\r\n\r\n\r\n\r\n<h1 class=\"wp-block-heading\">Exigim una resposta col\u00b7lectiva: prevenci\u00f3 real, educaci\u00f3 afectivosexual i alfabetitzaci\u00f3 digital amb perspectiva feminista per desmuntar-les, i que les plataformes digitals assumeixin la seva responsabilitat davant d\u2019aquestes viol\u00e8ncies.<\/h1>\r\n\r\n<p>Les guerres i els genocidis, com el que pateix el poble palest\u00ed, aix\u00ed com els despla\u00e7aments for\u00e7ats, s\u00f3n expres- sions extremes de la viol\u00e8ncia patriarcal, capitalista i colonial. <strong>No pot haver-hi pau sense just\u00edcia feminista.<\/strong><\/p>\r\n\r\n\r\n\r\n<h1 class=\"wp-block-heading\">Reivindiquem la fi de totes les formes de viol\u00e8ncia:<\/h1>\r\n\r\n\r\n\r\n<ul class=\"wp-block-list\">\r\n<li style=\"list-style-type: none;\">\r\n<ul class=\"wp-block-list\">\r\n<li><strong>Laboral<\/strong>, que ens explota i precaritza, negant drets i conciliaci\u00f3.<\/li>\r\n\r\n\r\n\r\n<li><strong>Sexual<\/strong>, que ens violenta i ens cosifica, normalitzant l\u2019ab\u00fas.<\/li>\r\n\r\n\r\n\r\n<li><strong>Sanit\u00e0ria<\/strong>, que ignora les nostres necessitats i decisions.<\/li>\r\n\r\n\r\n\r\n<li><strong>Judicial<\/strong>, que q\u00fcestiona les v\u00edctimes, les revictimitza i afavoreix la impunitat.<\/li>\r\n\r\n\r\n\r\n<li><strong>Econ\u00f2mica<\/strong>, que mant\u00e9 la depend\u00e8ncia i la feminitzaci\u00f3 de la pobresa.<\/li>\r\n\r\n\r\n\r\n<li><strong>Vic\u00e0ria<\/strong>, que utilitza les criatures i els afectes com a armes.<\/li>\r\n\r\n\r\n\r\n<li><strong>Institucional<\/strong>, que falla en prevenir, protegir, reparar i garantir.<\/li>\r\n<\/ul>\r\n<\/li>\r\n<\/ul>\r\n<p><\/p>\r\n\r\n<p>La <strong>culpa i la vergonya han de canviar de costat. <\/strong>No callar, no mirar cap a una altra banda. La <strong>responsabilitat \u00e9s col\u00b7lectiva<\/strong>: el silenci tamb\u00e9 \u00e9s complicitat.<\/p>\r\n\r\n<p><strong>El 25N no \u00e9s nom\u00e9s una data: \u00e9s una lluita que defensem cada dia<\/strong>, a cada barri, a cada centre de treball i a cada espai de vida.<\/p>\r\n\r\n<p>Des de CGT <strong>mantenim viva la den\u00fancia tot l\u2019any<\/strong>, difonent cada feminicidi, cada assassinat, cada hist\u00f2ria que el sistema intenta esborrar.<\/p>\r\n\r\n<p><strong>Perqu\u00e8 mentre hi hagi una sola persona amena\u00e7ada, no hi haur\u00e0 just\u00edcia ni llibertat. El teu silenci et fa c\u00f2mplice. Prou viol\u00e8ncies masclistes.<\/strong><\/p>\r\n<ul>\r\n<li>Article orginal al <a href=\"https:\/\/cgt.es\/25n-dia-internacional-contra-les-violencies-masclistes-manifiesto-25n-en-catalan\/\" target=\"_blank\" rel=\"noopener\">web de la CGT Confederal<\/a><\/li>\r\n<\/ul>\r\n<h2><strong><img loading=\"lazy\" decoding=\"async\" class=\"alignleft wp-image-2486\" src=\"http:\/\/cgtcatalunya.cat\/uoc\/wp-content\/uploads\/2024\/11\/cgt-lila.jpg\" alt=\"cgt lila\" width=\"84\" height=\"136\" \/><\/strong><\/h2>\r\n<p>[\/vc_column_text][\/vc_column][\/vc_row]<\/p><div class=\"sharing-default-minimal post-bottom\"><div class=\"nectar-social default\" data-position=\"\" data-rm-love=\"0\" data-color-override=\"override\"><div class=\"nectar-social-inner\"><a href=\"#\" class=\"nectar-love\" id=\"nectar-love-2739\" title=\"Love this\"> <i class=\"icon-salient-heart-2\"><\/i><span class=\"love-text\">Love<\/span><span class=\"total_loves\"><span class=\"nectar-love-count\">0<\/span><\/span><\/a><a class='facebook-share nectar-sharing' href='#' title='Share this'> <i class='fa fa-facebook'><\/i> <span class='social-text'>Share<\/span> <\/a><a class='twitter-share nectar-sharing' href='#' title='Tweet this'> <i class='fa fa-twitter'><\/i> <span class='social-text'>Tweet<\/span> <\/a><\/div><\/div><\/div>","protected":false},"excerpt":{"rendered":"<p>[vc_row type=\u00bbin_container\u00bb full_screen_row_position=\u00bbmiddle\u00bb column_margin=\u00bbdefault\u00bb column_direction=\u00bbdefault\u00bb column_direction_tablet=\u00bbdefault\u00bb column_direction_phone=\u00bbdefault\u00bb scene_position=\u00bbcenter\u00bb text_color=\u00bbdark\u00bb text_align=\u00bbleft\u00bb row_border_radius=\u00bbnone\u00bb row_border_radius_applies=\u00bbbg\u00bb overflow=\u00bbvisible\u00bb overlay_strength=\u00bb0.3&#8243; gradient_direction=\u00bbleft_to_right\u00bb shape_divider_position=\u00bbbottom\u00bb bg_image_animation=\u00bbnone\u00bb][vc_column column_padding=\u00bbno-extra-padding\u00bb column_padding_tablet=\u00bbinherit\u00bb column_padding_phone=\u00bbinherit\u00bb column_padding_position=\u00bball\u00bb column_element_direction_desktop=\u00bbdefault\u00bb column_element_spacing=\u00bbdefault\u00bb desktop_text_alignment=\u00bbdefault\u00bb tablet_text_alignment=\u00bbdefault\u00bb phone_text_alignment=\u00bbdefault\u00bb background_color_opacity=\u00bb1&#8243; background_hover_color_opacity=\u00bb1&#8243; column_backdrop_filter=\u00bbnone\u00bb column_shadow=\u00bbnone\u00bb column_border_radius=\u00bbnone\u00bb column_link_target=\u00bb_self\u00bb column_position=\u00bbdefault\u00bb gradient_direction=\u00bbleft_to_right\u00bb&#46;&#46;&#46;<\/p>\n","protected":false},"author":1,"featured_media":2740,"comment_status":"closed","ping_status":"closed","sticky":false,"template":"","format":"standard","meta":{"footnotes":""},"categories":[23,29,17],"tags":[47,48],"class_list":["post-2739","post","type-post","status-publish","format-standard","has-post-thumbnail","hentry","category-cgt","category-feminisme","category-social","tag-25n","tag-contra-les-violencies-masclistes"],"_links":{"self":[{"href":"https:\/\/cgtcatalunya.cat\/uoc\/wp-json\/wp\/v2\/posts\/2739","targetHints":{"allow":["GET"]}}],"collection":[{"href":"https:\/\/cgtcatalunya.cat\/uoc\/wp-json\/wp\/v2\/posts"}],"about":[{"href":"https:\/\/cgtcatalunya.cat\/uoc\/wp-json\/wp\/v2\/types\/post"}],"author":[{"embeddable":true,"href":"https:\/\/cgtcatalunya.cat\/uoc\/wp-json\/wp\/v2\/users\/1"}],"replies":[{"embeddable":true,"href":"https:\/\/cgtcatalunya.cat\/uoc\/wp-json\/wp\/v2\/comments?post=2739"}],"version-history":[{"count":8,"href":"https:\/\/cgtcatalunya.cat\/uoc\/wp-json\/wp\/v2\/posts\/2739\/revisions"}],"predecessor-version":[{"id":2749,"href":"https:\/\/cgtcatalunya.cat\/uoc\/wp-json\/wp\/v2\/posts\/2739\/revisions\/2749"}],"wp:featuredmedia":[{"embeddable":true,"href":"https:\/\/cgtcatalunya.cat\/uoc\/wp-json\/wp\/v2\/media\/2740"}],"wp:attachment":[{"href":"https:\/\/cgtcatalunya.cat\/uoc\/wp-json\/wp\/v2\/media?parent=2739"}],"wp:term":[{"taxonomy":"category","embeddable":true,"href":"https:\/\/cgtcatalunya.cat\/uoc\/wp-json\/wp\/v2\/categories?post=2739"},{"taxonomy":"post_tag","embeddable":true,"href":"https:\/\/cgtcatalunya.cat\/uoc\/wp-json\/wp\/v2\/tags?post=2739"}],"curies":[{"name":"wp","href":"https:\/\/api.w.org\/{rel}","templated":true}]}}