{"id":2829,"date":"2026-04-24T13:43:25","date_gmt":"2026-04-24T13:43:25","guid":{"rendered":"https:\/\/cgtcatalunya.cat\/uoc\/?p=2829"},"modified":"2026-04-30T13:56:03","modified_gmt":"2026-04-30T13:56:03","slug":"convocatoria-unitaria-mes-de-vagues-educacio-publica","status":"publish","type":"post","link":"https:\/\/cgtcatalunya.cat\/uoc\/convocatoria-unitaria-mes-de-vagues-educacio-publica\/","title":{"rendered":"Convocat\u00f2ria unit\u00e0ria d\u2019un mes de vagues a l\u2019educaci\u00f3 p\u00fablica: sense condicions dignes no acabarem el curs"},"content":{"rendered":"<p>[vc_row type=\u00bbin_container\u00bb full_screen_row_position=\u00bbmiddle\u00bb column_margin=\u00bbdefault\u00bb column_direction=\u00bbdefault\u00bb column_direction_tablet=\u00bbdefault\u00bb column_direction_phone=\u00bbdefault\u00bb scene_position=\u00bbcenter\u00bb text_color=\u00bbdark\u00bb text_align=\u00bbleft\u00bb row_border_radius=\u00bbnone\u00bb row_border_radius_applies=\u00bbbg\u00bb overflow=\u00bbvisible\u00bb overlay_strength=\u00bb0.3&#8243; gradient_direction=\u00bbleft_to_right\u00bb shape_divider_position=\u00bbbottom\u00bb bg_image_animation=\u00bbnone\u00bb][vc_column column_padding=\u00bbno-extra-padding\u00bb column_padding_tablet=\u00bbinherit\u00bb column_padding_phone=\u00bbinherit\u00bb column_padding_position=\u00bball\u00bb column_element_direction_desktop=\u00bbdefault\u00bb column_element_spacing=\u00bbdefault\u00bb desktop_text_alignment=\u00bbdefault\u00bb tablet_text_alignment=\u00bbdefault\u00bb phone_text_alignment=\u00bbdefault\u00bb background_color_opacity=\u00bb1&#8243; background_hover_color_opacity=\u00bb1&#8243; column_backdrop_filter=\u00bbnone\u00bb column_shadow=\u00bbnone\u00bb column_border_radius=\u00bbnone\u00bb column_link_target=\u00bb_self\u00bb column_position=\u00bbdefault\u00bb gradient_direction=\u00bbleft_to_right\u00bb overlay_strength=\u00bb0.3&#8243; width=\u00bb1\/1&#8243; tablet_width_inherit=\u00bbdefault\u00bb animation_type=\u00bbdefault\u00bb bg_image_animation=\u00bbnone\u00bb border_type=\u00bbsimple\u00bb column_border_width=\u00bbnone\u00bb column_border_style=\u00bbsolid\u00bb][vc_column_text]<\/p>\n<figure class=\"wp-block-image size-full\"><img loading=\"lazy\" decoding=\"async\" width=\"723\" height=\"1024\" src=\"http:\/\/cgtcatalunya.cat\/uoc\/wp-content\/uploads\/2026\/04\/CGT-Ensenyament-Vagues-maig-juny-2026.jpg\" alt=\"CGT Ensenyament Vagues maig juny 2026\" class=\"wp-image-2830\" srcset=\"https:\/\/cgtcatalunya.cat\/uoc\/wp-content\/uploads\/2026\/04\/CGT-Ensenyament-Vagues-maig-juny-2026.jpg 723w, https:\/\/cgtcatalunya.cat\/uoc\/wp-content\/uploads\/2026\/04\/CGT-Ensenyament-Vagues-maig-juny-2026-212x300.jpg 212w\" sizes=\"auto, (max-width: 723px) 100vw, 723px\" \/><\/figure>\n\n<p>Aquesta convocat\u00f2ria dona continu\u00eftat a les mobilitzacions massives del mes de mar\u00e7, que ja van evidenciar el rebuig contundent del col\u00b7lectiu docent a un acord signat d\u2019esquena a la majoria. Malgrat aquest missatge inequ\u00edvoc, el Departament es mant\u00e9 enrocat i continua dilatant qualsevol possibilitat de negociaci\u00f3 real. No hi ha cap proposta acceptable sobre la taula ni cap voluntat de corregir el rumb.<\/p>\n\n<p>Per aix\u00f2, advertim clarament: <strong>sense una proposta digna, aquest curs no acabar\u00e0 amb normalitat<\/strong>. El Departament \u00e9s plenament conscient que les mesures actuals no responen a les demandes del sector i que cal una rectificaci\u00f3 profunda i immediata.<\/p>\n\n<p>Exigim:<\/p>\n\n\n<ul class=\"wp-block-list\"><\/p>\n<li><strong>Recuperar el poder adquisitiu del professorat<\/strong> i garantir salaris dignes.<\/li>\n\n\n<li><strong>Incrementar la inversi\u00f3 educativa<\/strong> per reduir r\u00e0tios i millorar l\u2019atenci\u00f3 a tot l\u2019alumnat amb el refor\u00e7 de plantilles.<\/li>\n\n\n<li><strong>Eliminar la sobrec\u00e0rrega burocr\u00e0tica<\/strong> amb un pla efectiu i negociat amb la majoria sindical.<\/li>\n\n\n<li><strong>Revisar els actuals curr\u00edculums<\/strong> comptant amb el professorat.<\/li>\n<p><\/ul>\n\n<p><strong>Sense resposta, hi haur\u00e0 vaga. Sense condicions dignes, no acabarem el curs.<\/strong><\/p>\n\n\n<figure class=\"wp-block-image\"><img decoding=\"async\" src=\"https:\/\/www.cgtensenyament.cat\/wp-content\/uploads\/2026\/04\/image.png\" alt=\"\" class=\"wp-image-41102\"\/><\/figure>\n\n\n<div style=\"height:29px\" aria-hidden=\"true\" class=\"wp-block-spacer\"><\/div>\n\n<p>Article sencer a <a href=\"https:\/\/www.cgtensenyament.cat\/convocatoria-unitaria-un-mes-de-vagues-educacio-publica\/\" target=\"_blank\" rel=\"noreferrer noopener\"><strong>CGT Ensenyament Catalunya<\/strong><\/a><\/p>\n\n\n<div style=\"height:100px\" aria-hidden=\"true\" class=\"wp-block-spacer\"><\/div>\n<p>[\/vc_column_text][\/vc_column][\/vc_row]<\/p>\n<div class=\"sharing-default-minimal post-bottom\"><div class=\"nectar-social default\" data-position=\"\" data-rm-love=\"0\" data-color-override=\"override\"><div class=\"nectar-social-inner\"><a href=\"#\" class=\"nectar-love\" id=\"nectar-love-2829\" title=\"Love this\"> <i class=\"icon-salient-heart-2\"><\/i><span class=\"love-text\">Love<\/span><span class=\"total_loves\"><span class=\"nectar-love-count\">0<\/span><\/span><\/a><a class='facebook-share nectar-sharing' href='#' title='Share this'> <i class='fa fa-facebook'><\/i> <span class='social-text'>Share<\/span> <\/a><a class='twitter-share nectar-sharing' href='#' title='Tweet this'> <i class='fa fa-twitter'><\/i> <span class='social-text'>Tweet<\/span> <\/a><\/div><\/div><\/div>","protected":false},"excerpt":{"rendered":"<p>[vc_row type=\u00bbin_container\u00bb full_screen_row_position=\u00bbmiddle\u00bb column_margin=\u00bbdefault\u00bb column_direction=\u00bbdefault\u00bb column_direction_tablet=\u00bbdefault\u00bb column_direction_phone=\u00bbdefault\u00bb scene_position=\u00bbcenter\u00bb text_color=\u00bbdark\u00bb text_align=\u00bbleft\u00bb row_border_radius=\u00bbnone\u00bb row_border_radius_applies=\u00bbbg\u00bb overflow=\u00bbvisible\u00bb overlay_strength=\u00bb0.3&#8243; gradient_direction=\u00bbleft_to_right\u00bb shape_divider_position=\u00bbbottom\u00bb bg_image_animation=\u00bbnone\u00bb][vc_column column_padding=\u00bbno-extra-padding\u00bb column_padding_tablet=\u00bbinherit\u00bb column_padding_phone=\u00bbinherit\u00bb column_padding_position=\u00bball\u00bb column_element_direction_desktop=\u00bbdefault\u00bb column_element_spacing=\u00bbdefault\u00bb desktop_text_alignment=\u00bbdefault\u00bb tablet_text_alignment=\u00bbdefault\u00bb phone_text_alignment=\u00bbdefault\u00bb background_color_opacity=\u00bb1&#8243; background_hover_color_opacity=\u00bb1&#8243; column_backdrop_filter=\u00bbnone\u00bb column_shadow=\u00bbnone\u00bb column_border_radius=\u00bbnone\u00bb column_link_target=\u00bb_self\u00bb column_position=\u00bbdefault\u00bb gradient_direction=\u00bbleft_to_right\u00bb&#46;&#46;&#46;<\/p>\n","protected":false},"author":1,"featured_media":2830,"comment_status":"closed","ping_status":"closed","sticky":false,"template":"","format":"standard","meta":{"footnotes":""},"categories":[23,11,16,17,31],"tags":[],"class_list":["post-2829","post","type-post","status-publish","format-standard","has-post-thumbnail","hentry","category-cgt","category-educacio","category-sindical","category-social","category-vaga"],"_links":{"self":[{"href":"https:\/\/cgtcatalunya.cat\/uoc\/wp-json\/wp\/v2\/posts\/2829","targetHints":{"allow":["GET"]}}],"collection":[{"href":"https:\/\/cgtcatalunya.cat\/uoc\/wp-json\/wp\/v2\/posts"}],"about":[{"href":"https:\/\/cgtcatalunya.cat\/uoc\/wp-json\/wp\/v2\/types\/post"}],"author":[{"embeddable":true,"href":"https:\/\/cgtcatalunya.cat\/uoc\/wp-json\/wp\/v2\/users\/1"}],"replies":[{"embeddable":true,"href":"https:\/\/cgtcatalunya.cat\/uoc\/wp-json\/wp\/v2\/comments?post=2829"}],"version-history":[{"count":5,"href":"https:\/\/cgtcatalunya.cat\/uoc\/wp-json\/wp\/v2\/posts\/2829\/revisions"}],"predecessor-version":[{"id":2835,"href":"https:\/\/cgtcatalunya.cat\/uoc\/wp-json\/wp\/v2\/posts\/2829\/revisions\/2835"}],"wp:featuredmedia":[{"embeddable":true,"href":"https:\/\/cgtcatalunya.cat\/uoc\/wp-json\/wp\/v2\/media\/2830"}],"wp:attachment":[{"href":"https:\/\/cgtcatalunya.cat\/uoc\/wp-json\/wp\/v2\/media?parent=2829"}],"wp:term":[{"taxonomy":"category","embeddable":true,"href":"https:\/\/cgtcatalunya.cat\/uoc\/wp-json\/wp\/v2\/categories?post=2829"},{"taxonomy":"post_tag","embeddable":true,"href":"https:\/\/cgtcatalunya.cat\/uoc\/wp-json\/wp\/v2\/tags?post=2829"}],"curies":[{"name":"wp","href":"https:\/\/api.w.org\/{rel}","templated":true}]}}